{"id":12671,"date":"2023-10-23T12:10:45","date_gmt":"2023-10-23T11:10:45","guid":{"rendered":"https:\/\/humananova.org\/?p=12671"},"modified":"2025-09-16T10:13:58","modified_gmt":"2025-09-16T08:13:58","slug":"ciscenje-ormara-sto-sa-stvarima-koje-vise-ne-zelimo","status":"publish","type":"post","link":"https:\/\/humananova.org\/en\/2023\/10\/23\/ciscenje-ormara-sto-sa-stvarima-koje-vise-ne-zelimo\/","title":{"rendered":"\u010cI\u0160\u0106ENJE ORMARA: \u0160TO SA STVARIMA KOJE VI\u0160E NE \u017dELIMO?"},"content":{"rendered":"<p>Idemo uzeti u obzir da si zavr\u0161ila s procesom ra\u0161\u010di\u0161\u0107avanja ormara. Vjerujem da ti u pojedinim trenucima nije bilo jednostavno, ali isto tako znaj da si veliki posao ve\u0107 napravila. Ali \u0161to sad s ovim periodom \u201eposlije\u201c? \u0160to napraviti sa stvarima i odje\u0107om nakon odvajanja onih koje vi\u0161e ne donose vrijednost u tvoj \u017eivot?<\/p>\n\n\n\n<p>U prvim trenucima nakon \u0161to si odvojila toliko stvari, mo\u017eda \u0107e\u0161 osjetiti iznimno olak\u0161anje, kao da ti je pao te\u0161ki teret s ramena. Me\u0111utim, isto tako mo\u017ee\u0161 osje\u0107ati nesigurnost, tugu, nemir jer ne zna\u0161 kome bi svoje stvari mogla proslijediti. Evo nekoliko opcija koje ti mogu pomo\u0107i da si razbistri\u0161 ovaj dio.<\/p>\n\n\n\n<ol class=\"wp-block-list\" type=\"1\" start=\"1\">\n<li>Doniranje<\/li>\n\n\n\n<li>Proslje\u0111ivanje prijateljima\/rodbini<\/li>\n\n\n\n<li>Prodaja<\/li>\n\n\n\n<li>Prenamijeni ono \u0161to mo\u017ee\u0161<\/li>\n\n\n\n<li>Recikliranje<\/li>\n<\/ol>\n\n\n\n<p><strong>Doniraj Humani Novoj<\/strong><\/p>\n\n\n\n<p>Doniranje odje\u0107e, obu\u0107e ili nekih drugih stvari osobno smatram najplemenitijom opcijom. Divan je osje\u0107aj znati da \u0107e stvari koje na\u0161a obitelj vi\u0161e ne koristi prona\u0107i svoj put do nekoga tko \u0107e ih koristiti i cijeniti. Prije nego zapo\u010dne\u0161 s ra\u0161\u010di\u0161\u0107avanjem, razmisli gdje mo\u017ee\u0161 donirati svoje stvari. Mo\u017eda lokalnim dobrotvornim udrugama ili trgovinama rabljenom odje\u0107om.<\/p>\n\n\n\n<p>Mo\u017eda je ba\u0161 <a href=\"https:\/\/humananova.org\/en\/doniraj-tekstil\/\">Humana Nova<\/a> ta gdje \u0107e stari odjevni predmeti i drugi tekstil koji vi\u0161e ne treba\u0161 ugledati novo svjetlo u nekom posve drugom obliku. Oni \u0107e ga staviti u ponovnu uporabu ili reciklirati. Taj \u0107e proces njima osigurati posao, tr\u017ei\u0161tu ponuditi alternativu odr\u017eivih proizvoda, a planet spasiti od \u0161tetnih utjecaja koji nastaju odlaganjem tekstila na otpad ili pretjeranom proizvodnjom novog tekstila.<\/p>\n\n\n\n<p>Odlu\u010di\u0161 li se donirati tekstil njima, \u010duva\u0161 okoli\u0161, ali i poma\u017ee\u0161 marginaliziranim skupinama koje zapo\u0161ljavaju. Bitno je i naglasiti da su neprofitno poduze\u0107e, pa svoju dobit reinvestiraju tako stvaraju\u0107i dodatna radna mjesta za osobe s invaliditetom i ostale marginalizirane skupine.<\/p>\n\n\n\n<p>Vi\u0161e o tome \u0161to cijeli proces sakupljanja tekstila i recikliranja zna\u010di za njih u Humani Novoj, okoli\u0161 i lokalnu zajednicu, prona\u0107i \u0107e\u0161 na ovim <a href=\"https:\/\/humananova.org\/en\/doniraj-tekstil\/\">stranicama<\/a>.<\/p>\n\n\n\n<p><strong>Proslje\u0111ivanje prijateljima\/rodbini<\/strong><\/p>\n\n\n\n<p>Nekada mi je ova opcija bila nezamisliva i nisam bila slobodna svojim prijateljicama ili nekome iz obitelji ponuditi odje\u0107u koju smo nekada nosili ja ili moja dje\u010dica. Ve\u0107inom bi ona zavr\u0161avala pod prvom opcijom.<\/p>\n\n\n\n<p>Me\u0111utim, kada sam postala mama najprije je proslje\u0111ivanje odje\u0107e po\u010delo sa dje\u010djim komadima. Moji blizanci su rasli kao gljive i ono \u0161to bi jedan dan obukli kroz nekoliko tjedana postalo bi im premaleno. Sa svakim ra\u0161\u010di\u0161\u0107avanjem njihove odje\u0107e (koje je bilo puno \u010de\u0161\u0107e dok su bili mali) nismo znali gdje sa svim onim komadima koji su i dalje bili nosivi. Upravo u tim trenucima veliki dio smo podijelili prijateljima koji su imali mla\u0111u djecu ili smo i sami koristili posu\u0111enu odje\u0107u koju smo uredno nakon kori\u0161tenja vratili i pripremili za drugu dje\u010dicu.<\/p>\n\n\n\n<p><em>Odje\u0107a koja vama ne odgovara ne zna\u010di da nekog drugog ne\u0107e usre\u0107iti!<\/em><\/p>\n\n\n\n<p>S tom misli sam i svoju odje\u0107u po\u010dela nudila prijateljicama ili ro\u0111akinjama. I bila sam sretna jer netko zaista nosi odje\u0107u koja meni vi\u0161e ne donosi radost.<\/p>\n\n\n\n<p><strong>Prodaja<\/strong><\/p>\n\n\n\n<p>Ova mo\u017ee biti izvrsna opcija. Ne samo \u0161to iz svog doma odnosi\u0161 stvari koje ne koristi\u0161, ve\u0107 mo\u017ee\u0161 i dodatno zaraditi i vratiti dio sredstava koje si ulo\u017eila u njih. Me\u0111utim, ono \u0161to bih ovdje dodala je da prodaja predmeta oduzima dosta vremena i truda. Artikle je potrebno fotografirati, postaviti oglas sa svim adekvatnim informacijama, dopisivati se s potencijalnim kupcima, dogovarati za preuzimanje itd. Me\u0111utim, i dalje nema garancije da \u0107e proizvod prona\u0107i kupca. Na tebi je da odlu\u010di\u0161 koliko \u0107e\u0161 \u010dekati prije doniranja neprodanih predmeta.<\/p>\n\n\n\n<p><strong>Prenamijeni ono \u0161to mo\u017ee\u0161<\/strong><\/p>\n\n\n\n<p>Ako neke predmete ipak \u017eeli\u0161 zadr\u017eati jer su ti srcu dragi, a ne odgovaraju ti u trenutnoj formi ili za \u0161to su prvotno namijenjeni tebi ne koriste, razmisli o njihovoj prenamjeni. Ovo je izvrstan na\u010din da na vidjelo iza\u0111e tvoja kreativnost, a da ujedno tim predmetima da\u0161 \u201enovi \u017eivot\u201c i svrhu. Od majica koje si nekad nosila mo\u017ee\u0161 sa\u0161iti patchwork prekriva\u010d ili dati kroja\u010dici da to u\u010dini. Prenamijeniti mo\u017ee\u0161 i ostale stvari.<\/p>\n\n\n\n<p>Na primjer, stari no\u0107ni ormari\u0107 pretvori u stoli\u0107 za kavu, kerami\u010dke vaze koristi kao posude za pohranu kuhinjskih dodataka, stare staklenke koristi kao organizatore za kuhinjske namirnice\u2026<\/p>\n\n\n\n<p>Mogu\u0107nosti su beskrajne!<\/p>\n\n\n\n<p><strong>Recikliranje<\/strong><\/p>\n\n\n\n<p>Postoje neki predmeti koje jednostavno ne mo\u017eemo donirati ili prodati. Stavila sam ovu opciju na posljednje mjesto jer smatram da bi trebala biti rezervirano samo za stvari koje su slomljene, o\u0161te\u0107ene ili uistinu vi\u0161e nisu korisne.&nbsp; Ali to ne zna\u010di da moraju i\u0107i ravno u sme\u0107e. Humana Nova odje\u0107u koju ne mo\u017ee iskoristiti u druge svrhe reciklira u <a href=\"https:\/\/www.rgnc-grupa.hr\/hr\/\">suradnji s Regeneracijom non-wovens<\/a>.<\/p>\n\n\n\n<p>Za ostale stvari, provjeri kod svog lokalnog centra za recikla\u017eu koje predmete prihva\u0107aju i na koje na\u010dine je potrebno odvajati sam otpad.<\/p>\n\n\n\n<p>Nakon \u0161to si ra\u0161\u010distila svoj prostor i odlu\u010dila koje predmete \u0107e\u0161 donirati, proslijediti ili reciklirati savjetujem ti da ih \u0161to prije iznese\u0161 iz svog doma. Za\u0161to ovo ka\u017eem? Jer tek s ovim korakom zavr\u0161ava proces ra\u0161\u010di\u0161\u0107avanja.&nbsp;<\/p>\n\n\n\n<p>Ne mali broj puta mi se dogodilo da sam ponovno po\u010dela prebirati po vre\u0107icama stvari koje sam ve\u0107 ranije odvojila za donaciju samo zato jer sam ih ostavila na vidljivom mjestu u svom domu. Napravi plan \u0161to u\u010diniti s takvim stvarima, pogledaj svoj kalendar za sljede\u0107ih nekoliko dana i izdvoji vrijeme kada \u0107e\u0161 ih odnijeti do prijateljice, u vrti\u0107 ili u npr. Humanu Novu.<\/p>\n\n\n\n<p>Marija Budija Bingula, certificirana KonMari<sup>\u00ae <\/sup>konzultantica<\/p>","protected":false},"excerpt":{"rendered":"<p>Idemo uzeti u obzir da si zavr\u0161ila s procesom ra\u0161\u010di\u0161\u0107avanja ormara. Vjerujem da ti u pojedinim trenucima nije bilo jednostavno, ali isto tako znaj da si veliki posao ve\u0107 napravila. Ali \u0161to sad s ovim periodom \u201eposlije\u201c? \u0160to napraviti sa stvarima i odje\u0107om nakon odvajanja onih koje vi\u0161e ne donose vrijednost u tvoj \u017eivot? U [&hellip;]<\/p>\n","protected":false},"author":1,"featured_media":21769,"comment_status":"closed","ping_status":"closed","sticky":false,"template":"","format":"standard","meta":{"footnotes":""},"categories":[16],"tags":[],"class_list":["post-12671","post","type-post","status-publish","format-standard","has-post-thumbnail","hentry","category-blog"],"yoast_head":"<!-- This site is optimized with the Yoast SEO plugin v27.5 - https:\/\/yoast.com\/product\/yoast-seo-wordpress\/ -->\n<title>\u010cI\u0160\u0106ENJE ORMARA: \u0160TO SA STVARIMA KOJE VI\u0160E NE \u017dELIMO? - Humana Nova<\/title>\n<meta name=\"robots\" content=\"index, follow, max-snippet:-1, max-image-preview:large, max-video-preview:-1\" \/>\n<link rel=\"canonical\" href=\"https:\/\/humananova.org\/en\/2023\/10\/23\/ciscenje-ormara-sto-sa-stvarima-koje-vise-ne-zelimo\/\" \/>\n<meta property=\"og:locale\" content=\"en_US\" \/>\n<meta property=\"og:type\" content=\"article\" \/>\n<meta property=\"og:title\" content=\"\u010cI\u0160\u0106ENJE ORMARA: \u0160TO SA STVARIMA KOJE VI\u0160E NE \u017dELIMO? - Humana Nova\" \/>\n<meta property=\"og:description\" content=\"Idemo uzeti u obzir da si zavr\u0161ila s procesom ra\u0161\u010di\u0161\u0107avanja ormara. Vjerujem da ti u pojedinim trenucima nije bilo jednostavno, ali isto tako znaj da si veliki posao ve\u0107 napravila. Ali \u0161to sad s ovim periodom \u201eposlije\u201c? \u0160to napraviti sa stvarima i odje\u0107om nakon odvajanja onih koje vi\u0161e ne donose vrijednost u tvoj \u017eivot? U [&hellip;]\" \/>\n<meta property=\"og:url\" content=\"https:\/\/humananova.org\/en\/2023\/10\/23\/ciscenje-ormara-sto-sa-stvarima-koje-vise-ne-zelimo\/\" \/>\n<meta property=\"og:site_name\" content=\"Humana Nova\" \/>\n<meta property=\"article:publisher\" content=\"https:\/\/www.facebook.com\/humana.nova\/?locale=hr_HR\" \/>\n<meta property=\"article:published_time\" content=\"2023-10-23T11:10:45+00:00\" \/>\n<meta property=\"article:modified_time\" content=\"2025-09-16T08:13:58+00:00\" \/>\n<meta property=\"og:image\" content=\"https:\/\/humananova.org\/wp-content\/uploads\/2023\/10\/admin-ajax-1.jpg\" \/>\n\t<meta property=\"og:image:width\" content=\"600\" \/>\n\t<meta property=\"og:image:height\" content=\"338\" \/>\n\t<meta property=\"og:image:type\" content=\"image\/jpeg\" \/>\n<meta name=\"author\" content=\"admin\" \/>\n<meta name=\"twitter:card\" content=\"summary_large_image\" \/>\n<meta name=\"twitter:label1\" content=\"Written by\" \/>\n\t<meta name=\"twitter:data1\" content=\"admin\" \/>\n\t<meta name=\"twitter:label2\" content=\"Est. reading time\" \/>\n\t<meta name=\"twitter:data2\" content=\"5 minutes\" \/>\n<script type=\"application\/ld+json\" class=\"yoast-schema-graph\">{\"@context\":\"https:\\\/\\\/schema.org\",\"@graph\":[{\"@type\":\"Article\",\"@id\":\"https:\\\/\\\/humananova.org\\\/2023\\\/10\\\/23\\\/ciscenje-ormara-sto-sa-stvarima-koje-vise-ne-zelimo\\\/#article\",\"isPartOf\":{\"@id\":\"https:\\\/\\\/humananova.org\\\/2023\\\/10\\\/23\\\/ciscenje-ormara-sto-sa-stvarima-koje-vise-ne-zelimo\\\/\"},\"author\":{\"name\":\"admin\",\"@id\":\"https:\\\/\\\/humananova.org\\\/#\\\/schema\\\/person\\\/d70a51af94e57ffb921f92a3d3622355\"},\"headline\":\"\u010cI\u0160\u0106ENJE ORMARA: \u0160TO SA STVARIMA KOJE VI\u0160E NE \u017dELIMO?\",\"datePublished\":\"2023-10-23T11:10:45+00:00\",\"dateModified\":\"2025-09-16T08:13:58+00:00\",\"mainEntityOfPage\":{\"@id\":\"https:\\\/\\\/humananova.org\\\/2023\\\/10\\\/23\\\/ciscenje-ormara-sto-sa-stvarima-koje-vise-ne-zelimo\\\/\"},\"wordCount\":975,\"publisher\":{\"@id\":\"https:\\\/\\\/humananova.org\\\/#organization\"},\"image\":{\"@id\":\"https:\\\/\\\/humananova.org\\\/2023\\\/10\\\/23\\\/ciscenje-ormara-sto-sa-stvarima-koje-vise-ne-zelimo\\\/#primaryimage\"},\"thumbnailUrl\":\"https:\\\/\\\/humananova.org\\\/wp-content\\\/uploads\\\/2023\\\/10\\\/admin-ajax-1.jpg\",\"articleSection\":[\"Blog\"],\"inLanguage\":\"en-US\"},{\"@type\":\"WebPage\",\"@id\":\"https:\\\/\\\/humananova.org\\\/2023\\\/10\\\/23\\\/ciscenje-ormara-sto-sa-stvarima-koje-vise-ne-zelimo\\\/\",\"url\":\"https:\\\/\\\/humananova.org\\\/2023\\\/10\\\/23\\\/ciscenje-ormara-sto-sa-stvarima-koje-vise-ne-zelimo\\\/\",\"name\":\"\u010cI\u0160\u0106ENJE ORMARA: \u0160TO SA STVARIMA KOJE VI\u0160E NE \u017dELIMO? - Humana Nova\",\"isPartOf\":{\"@id\":\"https:\\\/\\\/humananova.org\\\/#website\"},\"primaryImageOfPage\":{\"@id\":\"https:\\\/\\\/humananova.org\\\/2023\\\/10\\\/23\\\/ciscenje-ormara-sto-sa-stvarima-koje-vise-ne-zelimo\\\/#primaryimage\"},\"image\":{\"@id\":\"https:\\\/\\\/humananova.org\\\/2023\\\/10\\\/23\\\/ciscenje-ormara-sto-sa-stvarima-koje-vise-ne-zelimo\\\/#primaryimage\"},\"thumbnailUrl\":\"https:\\\/\\\/humananova.org\\\/wp-content\\\/uploads\\\/2023\\\/10\\\/admin-ajax-1.jpg\",\"datePublished\":\"2023-10-23T11:10:45+00:00\",\"dateModified\":\"2025-09-16T08:13:58+00:00\",\"breadcrumb\":{\"@id\":\"https:\\\/\\\/humananova.org\\\/2023\\\/10\\\/23\\\/ciscenje-ormara-sto-sa-stvarima-koje-vise-ne-zelimo\\\/#breadcrumb\"},\"inLanguage\":\"en-US\",\"potentialAction\":[{\"@type\":\"ReadAction\",\"target\":[\"https:\\\/\\\/humananova.org\\\/2023\\\/10\\\/23\\\/ciscenje-ormara-sto-sa-stvarima-koje-vise-ne-zelimo\\\/\"]}]},{\"@type\":\"ImageObject\",\"inLanguage\":\"en-US\",\"@id\":\"https:\\\/\\\/humananova.org\\\/2023\\\/10\\\/23\\\/ciscenje-ormara-sto-sa-stvarima-koje-vise-ne-zelimo\\\/#primaryimage\",\"url\":\"https:\\\/\\\/humananova.org\\\/wp-content\\\/uploads\\\/2023\\\/10\\\/admin-ajax-1.jpg\",\"contentUrl\":\"https:\\\/\\\/humananova.org\\\/wp-content\\\/uploads\\\/2023\\\/10\\\/admin-ajax-1.jpg\",\"width\":600,\"height\":338},{\"@type\":\"BreadcrumbList\",\"@id\":\"https:\\\/\\\/humananova.org\\\/2023\\\/10\\\/23\\\/ciscenje-ormara-sto-sa-stvarima-koje-vise-ne-zelimo\\\/#breadcrumb\",\"itemListElement\":[{\"@type\":\"ListItem\",\"position\":1,\"name\":\"Po\u010detna stranica\",\"item\":\"https:\\\/\\\/humananova.org\\\/\"},{\"@type\":\"ListItem\",\"position\":2,\"name\":\"\u010cI\u0160\u0106ENJE ORMARA: \u0160TO SA STVARIMA KOJE VI\u0160E NE \u017dELIMO?\"}]},{\"@type\":\"WebSite\",\"@id\":\"https:\\\/\\\/humananova.org\\\/#website\",\"url\":\"https:\\\/\\\/humananova.org\\\/\",\"name\":\"Humananova\",\"description\":\"\",\"publisher\":{\"@id\":\"https:\\\/\\\/humananova.org\\\/#organization\"},\"potentialAction\":[{\"@type\":\"SearchAction\",\"target\":{\"@type\":\"EntryPoint\",\"urlTemplate\":\"https:\\\/\\\/humananova.org\\\/?s={search_term_string}\"},\"query-input\":{\"@type\":\"PropertyValueSpecification\",\"valueRequired\":true,\"valueName\":\"search_term_string\"}}],\"inLanguage\":\"en-US\"},{\"@type\":\"Organization\",\"@id\":\"https:\\\/\\\/humananova.org\\\/#organization\",\"name\":\"Humananova\",\"url\":\"https:\\\/\\\/humananova.org\\\/\",\"logo\":{\"@type\":\"ImageObject\",\"inLanguage\":\"en-US\",\"@id\":\"https:\\\/\\\/humananova.org\\\/#\\\/schema\\\/logo\\\/image\\\/\",\"url\":\"https:\\\/\\\/humananova.org\\\/wp-content\\\/uploads\\\/2024\\\/01\\\/logo.png\",\"contentUrl\":\"https:\\\/\\\/humananova.org\\\/wp-content\\\/uploads\\\/2024\\\/01\\\/logo.png\",\"width\":609,\"height\":81,\"caption\":\"Humananova\"},\"image\":{\"@id\":\"https:\\\/\\\/humananova.org\\\/#\\\/schema\\\/logo\\\/image\\\/\"},\"sameAs\":[\"https:\\\/\\\/www.facebook.com\\\/humana.nova\\\/?locale=hr_HR\",\"https:\\\/\\\/www.instagram.com\\\/humananova\\\/\"]},{\"@type\":\"Person\",\"@id\":\"https:\\\/\\\/humananova.org\\\/#\\\/schema\\\/person\\\/d70a51af94e57ffb921f92a3d3622355\",\"name\":\"admin\",\"image\":{\"@type\":\"ImageObject\",\"inLanguage\":\"en-US\",\"@id\":\"https:\\\/\\\/secure.gravatar.com\\\/avatar\\\/5e88e34af753f541edb024b0284b20b91806e58e87b3fbae60376dfba903d57c?s=96&d=mm&r=g\",\"url\":\"https:\\\/\\\/secure.gravatar.com\\\/avatar\\\/5e88e34af753f541edb024b0284b20b91806e58e87b3fbae60376dfba903d57c?s=96&d=mm&r=g\",\"contentUrl\":\"https:\\\/\\\/secure.gravatar.com\\\/avatar\\\/5e88e34af753f541edb024b0284b20b91806e58e87b3fbae60376dfba903d57c?s=96&d=mm&r=g\",\"caption\":\"admin\"},\"sameAs\":[\"https:\\\/\\\/humananova.org\"],\"url\":\"https:\\\/\\\/humananova.org\\\/en\\\/author\\\/admin\\\/\"}]}<\/script>\n<!-- \/ Yoast SEO plugin. -->","yoast_head_json":{"title":"\u010cI\u0160\u0106ENJE ORMARA: \u0160TO SA STVARIMA KOJE VI\u0160E NE \u017dELIMO? - Humana Nova","robots":{"index":"index","follow":"follow","max-snippet":"max-snippet:-1","max-image-preview":"max-image-preview:large","max-video-preview":"max-video-preview:-1"},"canonical":"https:\/\/humananova.org\/en\/2023\/10\/23\/ciscenje-ormara-sto-sa-stvarima-koje-vise-ne-zelimo\/","og_locale":"en_US","og_type":"article","og_title":"\u010cI\u0160\u0106ENJE ORMARA: \u0160TO SA STVARIMA KOJE VI\u0160E NE \u017dELIMO? - Humana Nova","og_description":"Idemo uzeti u obzir da si zavr\u0161ila s procesom ra\u0161\u010di\u0161\u0107avanja ormara. Vjerujem da ti u pojedinim trenucima nije bilo jednostavno, ali isto tako znaj da si veliki posao ve\u0107 napravila. Ali \u0161to sad s ovim periodom \u201eposlije\u201c? \u0160to napraviti sa stvarima i odje\u0107om nakon odvajanja onih koje vi\u0161e ne donose vrijednost u tvoj \u017eivot? U [&hellip;]","og_url":"https:\/\/humananova.org\/en\/2023\/10\/23\/ciscenje-ormara-sto-sa-stvarima-koje-vise-ne-zelimo\/","og_site_name":"Humana Nova","article_publisher":"https:\/\/www.facebook.com\/humana.nova\/?locale=hr_HR","article_published_time":"2023-10-23T11:10:45+00:00","article_modified_time":"2025-09-16T08:13:58+00:00","og_image":[{"width":600,"height":338,"url":"https:\/\/humananova.org\/wp-content\/uploads\/2023\/10\/admin-ajax-1.jpg","type":"image\/jpeg"}],"author":"admin","twitter_card":"summary_large_image","twitter_misc":{"Written by":"admin","Est. reading time":"5 minutes"},"schema":{"@context":"https:\/\/schema.org","@graph":[{"@type":"Article","@id":"https:\/\/humananova.org\/2023\/10\/23\/ciscenje-ormara-sto-sa-stvarima-koje-vise-ne-zelimo\/#article","isPartOf":{"@id":"https:\/\/humananova.org\/2023\/10\/23\/ciscenje-ormara-sto-sa-stvarima-koje-vise-ne-zelimo\/"},"author":{"name":"admin","@id":"https:\/\/humananova.org\/#\/schema\/person\/d70a51af94e57ffb921f92a3d3622355"},"headline":"\u010cI\u0160\u0106ENJE ORMARA: \u0160TO SA STVARIMA KOJE VI\u0160E NE \u017dELIMO?","datePublished":"2023-10-23T11:10:45+00:00","dateModified":"2025-09-16T08:13:58+00:00","mainEntityOfPage":{"@id":"https:\/\/humananova.org\/2023\/10\/23\/ciscenje-ormara-sto-sa-stvarima-koje-vise-ne-zelimo\/"},"wordCount":975,"publisher":{"@id":"https:\/\/humananova.org\/#organization"},"image":{"@id":"https:\/\/humananova.org\/2023\/10\/23\/ciscenje-ormara-sto-sa-stvarima-koje-vise-ne-zelimo\/#primaryimage"},"thumbnailUrl":"https:\/\/humananova.org\/wp-content\/uploads\/2023\/10\/admin-ajax-1.jpg","articleSection":["Blog"],"inLanguage":"en-US"},{"@type":"WebPage","@id":"https:\/\/humananova.org\/2023\/10\/23\/ciscenje-ormara-sto-sa-stvarima-koje-vise-ne-zelimo\/","url":"https:\/\/humananova.org\/2023\/10\/23\/ciscenje-ormara-sto-sa-stvarima-koje-vise-ne-zelimo\/","name":"\u010cI\u0160\u0106ENJE ORMARA: \u0160TO SA STVARIMA KOJE VI\u0160E NE \u017dELIMO? - Humana Nova","isPartOf":{"@id":"https:\/\/humananova.org\/#website"},"primaryImageOfPage":{"@id":"https:\/\/humananova.org\/2023\/10\/23\/ciscenje-ormara-sto-sa-stvarima-koje-vise-ne-zelimo\/#primaryimage"},"image":{"@id":"https:\/\/humananova.org\/2023\/10\/23\/ciscenje-ormara-sto-sa-stvarima-koje-vise-ne-zelimo\/#primaryimage"},"thumbnailUrl":"https:\/\/humananova.org\/wp-content\/uploads\/2023\/10\/admin-ajax-1.jpg","datePublished":"2023-10-23T11:10:45+00:00","dateModified":"2025-09-16T08:13:58+00:00","breadcrumb":{"@id":"https:\/\/humananova.org\/2023\/10\/23\/ciscenje-ormara-sto-sa-stvarima-koje-vise-ne-zelimo\/#breadcrumb"},"inLanguage":"en-US","potentialAction":[{"@type":"ReadAction","target":["https:\/\/humananova.org\/2023\/10\/23\/ciscenje-ormara-sto-sa-stvarima-koje-vise-ne-zelimo\/"]}]},{"@type":"ImageObject","inLanguage":"en-US","@id":"https:\/\/humananova.org\/2023\/10\/23\/ciscenje-ormara-sto-sa-stvarima-koje-vise-ne-zelimo\/#primaryimage","url":"https:\/\/humananova.org\/wp-content\/uploads\/2023\/10\/admin-ajax-1.jpg","contentUrl":"https:\/\/humananova.org\/wp-content\/uploads\/2023\/10\/admin-ajax-1.jpg","width":600,"height":338},{"@type":"BreadcrumbList","@id":"https:\/\/humananova.org\/2023\/10\/23\/ciscenje-ormara-sto-sa-stvarima-koje-vise-ne-zelimo\/#breadcrumb","itemListElement":[{"@type":"ListItem","position":1,"name":"Po\u010detna stranica","item":"https:\/\/humananova.org\/"},{"@type":"ListItem","position":2,"name":"\u010cI\u0160\u0106ENJE ORMARA: \u0160TO SA STVARIMA KOJE VI\u0160E NE \u017dELIMO?"}]},{"@type":"WebSite","@id":"https:\/\/humananova.org\/#website","url":"https:\/\/humananova.org\/","name":"Humananova","description":"","publisher":{"@id":"https:\/\/humananova.org\/#organization"},"potentialAction":[{"@type":"SearchAction","target":{"@type":"EntryPoint","urlTemplate":"https:\/\/humananova.org\/?s={search_term_string}"},"query-input":{"@type":"PropertyValueSpecification","valueRequired":true,"valueName":"search_term_string"}}],"inLanguage":"en-US"},{"@type":"Organization","@id":"https:\/\/humananova.org\/#organization","name":"Humananova","url":"https:\/\/humananova.org\/","logo":{"@type":"ImageObject","inLanguage":"en-US","@id":"https:\/\/humananova.org\/#\/schema\/logo\/image\/","url":"https:\/\/humananova.org\/wp-content\/uploads\/2024\/01\/logo.png","contentUrl":"https:\/\/humananova.org\/wp-content\/uploads\/2024\/01\/logo.png","width":609,"height":81,"caption":"Humananova"},"image":{"@id":"https:\/\/humananova.org\/#\/schema\/logo\/image\/"},"sameAs":["https:\/\/www.facebook.com\/humana.nova\/?locale=hr_HR","https:\/\/www.instagram.com\/humananova\/"]},{"@type":"Person","@id":"https:\/\/humananova.org\/#\/schema\/person\/d70a51af94e57ffb921f92a3d3622355","name":"admin","image":{"@type":"ImageObject","inLanguage":"en-US","@id":"https:\/\/secure.gravatar.com\/avatar\/5e88e34af753f541edb024b0284b20b91806e58e87b3fbae60376dfba903d57c?s=96&d=mm&r=g","url":"https:\/\/secure.gravatar.com\/avatar\/5e88e34af753f541edb024b0284b20b91806e58e87b3fbae60376dfba903d57c?s=96&d=mm&r=g","contentUrl":"https:\/\/secure.gravatar.com\/avatar\/5e88e34af753f541edb024b0284b20b91806e58e87b3fbae60376dfba903d57c?s=96&d=mm&r=g","caption":"admin"},"sameAs":["https:\/\/humananova.org"],"url":"https:\/\/humananova.org\/en\/author\/admin\/"}]}},"_links":{"self":[{"href":"https:\/\/humananova.org\/en\/wp-json\/wp\/v2\/posts\/12671","targetHints":{"allow":["GET"]}}],"collection":[{"href":"https:\/\/humananova.org\/en\/wp-json\/wp\/v2\/posts"}],"about":[{"href":"https:\/\/humananova.org\/en\/wp-json\/wp\/v2\/types\/post"}],"author":[{"embeddable":true,"href":"https:\/\/humananova.org\/en\/wp-json\/wp\/v2\/users\/1"}],"replies":[{"embeddable":true,"href":"https:\/\/humananova.org\/en\/wp-json\/wp\/v2\/comments?post=12671"}],"version-history":[{"count":1,"href":"https:\/\/humananova.org\/en\/wp-json\/wp\/v2\/posts\/12671\/revisions"}],"predecessor-version":[{"id":21770,"href":"https:\/\/humananova.org\/en\/wp-json\/wp\/v2\/posts\/12671\/revisions\/21770"}],"wp:featuredmedia":[{"embeddable":true,"href":"https:\/\/humananova.org\/en\/wp-json\/wp\/v2\/media\/21769"}],"wp:attachment":[{"href":"https:\/\/humananova.org\/en\/wp-json\/wp\/v2\/media?parent=12671"}],"wp:term":[{"taxonomy":"category","embeddable":true,"href":"https:\/\/humananova.org\/en\/wp-json\/wp\/v2\/categories?post=12671"},{"taxonomy":"post_tag","embeddable":true,"href":"https:\/\/humananova.org\/en\/wp-json\/wp\/v2\/tags?post=12671"}],"curies":[{"name":"wp","href":"https:\/\/api.w.org\/{rel}","templated":true}]}}